{"id":279,"date":"2021-10-25T18:58:00","date_gmt":"2021-10-25T18:58:00","guid":{"rendered":"https:\/\/justiciajusta.mx\/?p=279"},"modified":"2022-08-25T19:03:17","modified_gmt":"2022-08-25T19:03:17","slug":"subcontratacion-y-sus-impactos-fiscales","status":"publish","type":"post","link":"https:\/\/justiciajusta.mx\/?p=279","title":{"rendered":"Subcontrataci\u00f3n y sus impactos fiscales"},"content":{"rendered":"\n<p>Este amparo se promovi\u00f3 en contra de la reforma en materia de subcontrataci\u00f3n laboral, en particular, por las modificaciones a diversas normas fiscales. En esta demanda se argument\u00f3 que exist\u00edan distintas imprecisiones respecto de conductas consideradas antijur\u00eddicas y conceptos indefinidos.<\/p>\n","protected":false},"excerpt":{"rendered":"<p>Este amparo se promovi\u00f3 en contra de la reforma en materia de subcontrataci\u00f3n laboral, en particular, por las modificaciones&hellip;<\/p>\n","protected":false},"author":1,"featured_media":280,"comment_status":"open","ping_status":"open","sticky":false,"template":"","format":"standard","meta":{"footnotes":""},"categories":[3],"tags":[],"class_list":["post-279","post","type-post","status-publish","format-standard","has-post-thumbnail","hentry","category-litigio"],"_links":{"self":[{"href":"https:\/\/justiciajusta.mx\/index.php?rest_route=\/wp\/v2\/posts\/279","targetHints":{"allow":["GET"]}}],"collection":[{"href":"https:\/\/justiciajusta.mx\/index.php?rest_route=\/wp\/v2\/posts"}],"about":[{"href":"https:\/\/justiciajusta.mx\/index.php?rest_route=\/wp\/v2\/types\/post"}],"author":[{"embeddable":true,"href":"https:\/\/justiciajusta.mx\/index.php?rest_route=\/wp\/v2\/users\/1"}],"replies":[{"embeddable":true,"href":"https:\/\/justiciajusta.mx\/index.php?rest_route=%2Fwp%2Fv2%2Fcomments&post=279"}],"version-history":[{"count":1,"href":"https:\/\/justiciajusta.mx\/index.php?rest_route=\/wp\/v2\/posts\/279\/revisions"}],"predecessor-version":[{"id":281,"href":"https:\/\/justiciajusta.mx\/index.php?rest_route=\/wp\/v2\/posts\/279\/revisions\/281"}],"wp:featuredmedia":[{"embeddable":true,"href":"https:\/\/justiciajusta.mx\/index.php?rest_route=\/wp\/v2\/media\/280"}],"wp:attachment":[{"href":"https:\/\/justiciajusta.mx\/index.php?rest_route=%2Fwp%2Fv2%2Fmedia&parent=279"}],"wp:term":[{"taxonomy":"category","embeddable":true,"href":"https:\/\/justiciajusta.mx\/index.php?rest_route=%2Fwp%2Fv2%2Fcategories&post=279"},{"taxonomy":"post_tag","embeddable":true,"href":"https:\/\/justiciajusta.mx\/index.php?rest_route=%2Fwp%2Fv2%2Ftags&post=279"}],"curies":[{"name":"wp","href":"https:\/\/api.w.org\/{rel}","templated":true}]}}