{"id":421,"date":"2023-12-01T22:11:37","date_gmt":"2023-12-01T22:11:37","guid":{"rendered":"https:\/\/justiciajusta.mx\/?p=421"},"modified":"2023-12-04T22:17:31","modified_gmt":"2023-12-04T22:17:31","slug":"desabasto-de-medicamentos-oncologicos-entrevista-grupo-acir","status":"publish","type":"post","link":"https:\/\/justiciajusta.mx\/?p=421","title":{"rendered":"Desabasto de medicamentos oncol\u00f3gicos, entrevista Grupo ACIR"},"content":{"rendered":"<p class=\"p1\" style=\"text-align: justify;\">En esta entrevista de radio con PepeTo\u00f1o de Grupo Acir, Denise Tron platica sobre los alcances de la sentencia dictada por el Vig\u00e9simo Primer Tribunal Colegiado en Materia Administrativa del Primer Circuito sobre el desabasto de medicamentos oncol\u00f3gicos.<\/p>\n\n\n<figure class=\"wp-block-audio\"><audio controls src=\"https:\/\/justiciajusta.mx\/wp-content\/uploads\/2023\/12\/Nota_Grupo_ACIR_amparo_medicamentos_1_dic_2023.mp3\"><\/audio><\/figure>\n","protected":false},"excerpt":{"rendered":"<p>En esta entrevista de radio con PepeTo\u00f1o de Grupo Acir, Denise Tron platica sobre los alcances de la sentencia&hellip;<\/p>\n","protected":false},"author":1,"featured_media":423,"comment_status":"open","ping_status":"open","sticky":false,"template":"","format":"standard","meta":{"footnotes":""},"categories":[1],"tags":[],"class_list":["post-421","post","type-post","status-publish","format-standard","has-post-thumbnail","hentry","category-uncategorized"],"_links":{"self":[{"href":"https:\/\/justiciajusta.mx\/index.php?rest_route=\/wp\/v2\/posts\/421","targetHints":{"allow":["GET"]}}],"collection":[{"href":"https:\/\/justiciajusta.mx\/index.php?rest_route=\/wp\/v2\/posts"}],"about":[{"href":"https:\/\/justiciajusta.mx\/index.php?rest_route=\/wp\/v2\/types\/post"}],"author":[{"embeddable":true,"href":"https:\/\/justiciajusta.mx\/index.php?rest_route=\/wp\/v2\/users\/1"}],"replies":[{"embeddable":true,"href":"https:\/\/justiciajusta.mx\/index.php?rest_route=%2Fwp%2Fv2%2Fcomments&post=421"}],"version-history":[{"count":1,"href":"https:\/\/justiciajusta.mx\/index.php?rest_route=\/wp\/v2\/posts\/421\/revisions"}],"predecessor-version":[{"id":424,"href":"https:\/\/justiciajusta.mx\/index.php?rest_route=\/wp\/v2\/posts\/421\/revisions\/424"}],"wp:featuredmedia":[{"embeddable":true,"href":"https:\/\/justiciajusta.mx\/index.php?rest_route=\/wp\/v2\/media\/423"}],"wp:attachment":[{"href":"https:\/\/justiciajusta.mx\/index.php?rest_route=%2Fwp%2Fv2%2Fmedia&parent=421"}],"wp:term":[{"taxonomy":"category","embeddable":true,"href":"https:\/\/justiciajusta.mx\/index.php?rest_route=%2Fwp%2Fv2%2Fcategories&post=421"},{"taxonomy":"post_tag","embeddable":true,"href":"https:\/\/justiciajusta.mx\/index.php?rest_route=%2Fwp%2Fv2%2Ftags&post=421"}],"curies":[{"name":"wp","href":"https:\/\/api.w.org\/{rel}","templated":true}]}}