{"id":430,"date":"2023-12-06T19:18:59","date_gmt":"2023-12-06T19:18:59","guid":{"rendered":"https:\/\/justiciajusta.mx\/?p=430"},"modified":"2023-12-06T19:19:01","modified_gmt":"2023-12-06T19:19:01","slug":"medicos-contaran-con-medicamentos-para-el-tratamiento-de-cancer-infantil","status":"publish","type":"post","link":"https:\/\/justiciajusta.mx\/?p=430","title":{"rendered":"M\u00e9dicos contar\u00e1n con medicamentos para el tratamiento de c\u00e1ncer infantil"},"content":{"rendered":"<p class=\"p1\" style=\"text-align: justify;\">En entrevista de radio con Niria Andrade, Denise Tron abogada de Justicia Justa comenta que, si el tratamiento contra el c\u00e1ncer infantil es proporcionado en el tiempo establecido y de forma completa los pacientes tienen una alta probabilidad de recuperaci\u00f3n. Con la sentencia obtenida por Justicia Justa y la AMOPH, los m\u00e9dicos podr\u00e1n brindar un tratamiento adecuado a los ni\u00f1os con c\u00e1ncer.<\/p>\n\n\n<figure class=\"wp-block-video\"><video height=\"720\" style=\"aspect-ratio: 1280 \/ 720;\" width=\"1280\" controls src=\"https:\/\/justiciajusta.mx\/wp-content\/uploads\/2023\/12\/DENISE_TRON.mp4\"><\/video><\/figure>\n","protected":false},"excerpt":{"rendered":"<p>En entrevista de radio con Niria Andrade, Denise Tron abogada de Justicia Justa comenta que, si el tratamiento contra&hellip;<\/p>\n","protected":false},"author":1,"featured_media":432,"comment_status":"open","ping_status":"open","sticky":false,"template":"","format":"standard","meta":{"footnotes":""},"categories":[1],"tags":[],"class_list":["post-430","post","type-post","status-publish","format-standard","has-post-thumbnail","hentry","category-uncategorized"],"_links":{"self":[{"href":"https:\/\/justiciajusta.mx\/index.php?rest_route=\/wp\/v2\/posts\/430","targetHints":{"allow":["GET"]}}],"collection":[{"href":"https:\/\/justiciajusta.mx\/index.php?rest_route=\/wp\/v2\/posts"}],"about":[{"href":"https:\/\/justiciajusta.mx\/index.php?rest_route=\/wp\/v2\/types\/post"}],"author":[{"embeddable":true,"href":"https:\/\/justiciajusta.mx\/index.php?rest_route=\/wp\/v2\/users\/1"}],"replies":[{"embeddable":true,"href":"https:\/\/justiciajusta.mx\/index.php?rest_route=%2Fwp%2Fv2%2Fcomments&post=430"}],"version-history":[{"count":1,"href":"https:\/\/justiciajusta.mx\/index.php?rest_route=\/wp\/v2\/posts\/430\/revisions"}],"predecessor-version":[{"id":433,"href":"https:\/\/justiciajusta.mx\/index.php?rest_route=\/wp\/v2\/posts\/430\/revisions\/433"}],"wp:featuredmedia":[{"embeddable":true,"href":"https:\/\/justiciajusta.mx\/index.php?rest_route=\/wp\/v2\/media\/432"}],"wp:attachment":[{"href":"https:\/\/justiciajusta.mx\/index.php?rest_route=%2Fwp%2Fv2%2Fmedia&parent=430"}],"wp:term":[{"taxonomy":"category","embeddable":true,"href":"https:\/\/justiciajusta.mx\/index.php?rest_route=%2Fwp%2Fv2%2Fcategories&post=430"},{"taxonomy":"post_tag","embeddable":true,"href":"https:\/\/justiciajusta.mx\/index.php?rest_route=%2Fwp%2Fv2%2Ftags&post=430"}],"curies":[{"name":"wp","href":"https:\/\/api.w.org\/{rel}","templated":true}]}}